{"id":1718,"date":"2026-03-17T07:39:58","date_gmt":"2026-03-17T07:39:58","guid":{"rendered":"https:\/\/reformances.com\/fr\/?p=1718"},"modified":"2026-03-17T07:50:11","modified_gmt":"2026-03-17T07:50:11","slug":"artistes-iraniens-de-la-diaspora-contre-la-guerre-en-iran","status":"publish","type":"post","link":"https:\/\/reformances.com\/fr\/artistes-iraniens-de-la-diaspora-contre-la-guerre-en-iran\/","title":{"rendered":"Artistes iraniens de la diaspora contre la guerre en Iran"},"content":{"rendered":"\t\t<div data-elementor-type=\"wp-post\" data-elementor-id=\"1718\" class=\"elementor elementor-1718\">\n\t\t\t\t<div class=\"elementor-element elementor-element-1208f878 e-flex e-con-boxed e-con e-parent\" data-id=\"1208f878\" data-element_type=\"container\" data-e-type=\"container\">\n\t\t\t\t\t<div class=\"e-con-inner\">\n\t\t\t\t<div class=\"elementor-element elementor-element-46d1bfe4 elementor-widget elementor-widget-text-editor\" data-id=\"46d1bfe4\" data-element_type=\"widget\" data-e-type=\"widget\" data-widget_type=\"text-editor.default\">\n\t\t\t\t<div class=\"elementor-widget-container\">\n\t\t\t\t\t\t\t\t\t<p><\/p>\n<p><\/p>\n<p>Depuis plusieurs jours, une nouvelle invasion ill\u00e9gale est men\u00e9e par les \u00c9tats-Unis et Isra\u00ebl contre l\u2019Iran.<\/p>\n<p><\/p>\n<p>\u00c0 travers la diaspora, o\u00f9 que nous vivions, nous regardons avec une profonde inqui\u00e9tude les bombes s\u2019abattre sur notre pays d\u2019origine. Au moment o\u00f9 nous \u00e9crivons ces lignes, la situation a d\u00e9g\u00e9n\u00e9r\u00e9 en un bombardement massif de la capitale et d\u2019autres grandes villes, accompagn\u00e9 d\u2019attaques contre les infrastructures civiles iraniennes. Nous ne sommes pas plong\u00e9s dans le silence mais appel\u00e9s \u00e0 la responsabilit\u00e9. Nous nous sentons bless\u00e9s deux fois, par la violence des armes et par l\u2019agression du r\u00e9cit qui accompagne cette guerre. Nous refusons que notre pays soit transform\u00e9 en champ de bataille g\u00e9opolitique, sous le faux pr\u00e9texte d\u2019apporter la libert\u00e9 et la d\u00e9mocratie.<\/p>\n<p><\/p>\n<p>Dans de nombreux m\u00e9dias occidentaux, l\u2019Iran est souvent pr\u00e9sent\u00e9 comme un bloc homog\u00e8ne, irrationnel, fanatique, et une partie de la diaspora iranienne serait m\u00eame cens\u00e9e applaudir les bombardements au nom de la libert\u00e9. Nous, artistes iraniens de la diaspora, refusons cette mise en sc\u00e8ne politique et m\u00e9diatique.<\/p>\n<p><\/p>\n<p>Nous exigeons que la nuance de notre position soit reconnue : certains d\u2019entre nous ont fui la censure et la r\u00e9pression ou ont choisi de vivre \u00e0 l\u2019\u00e9tranger, mais fuir l\u2019oppression ne signifie pas souhaiter la destruction d\u2019un pays. On peut d\u00e9noncer la r\u00e9pression sans appeler aux bombes, critiquer le pouvoir sans soutenir une guerre, vivre en exil sans appeler \u00e0 l\u2019effondrement et au chaos.<\/p>\n<p><\/p>\n<p>En tant que collectif ind\u00e9pendant d\u2019artistes iraniens aux parcours divers, nous condamnons fermement cette agression illicite contre l&#8217;Iran provoqu\u00e9e par les Etats-Unis d&#8217;Am\u00e9rique et Isra\u00ebl.&nbsp; C\u2019est une violation flagrante du droit international. Nous affirmons clairement notre attachement \u00e0 la souverainet\u00e9 et \u00e0 l\u2019int\u00e9grit\u00e9 territoriale de l\u2019Iran.<\/p>\n<p><\/p>\n<p>Nombre d\u2019entre nous ont v\u00e9cu en Iran, y ont \u00e9tudi\u00e9, et si nous appr\u00e9cions et encourageons toutes les initiatives populaires en Iran en faveur de l\u2019ind\u00e9pendance, de la libert\u00e9 d\u2019expression et des droits humains, nous refusons de nous abaisser \u00e0 imaginer qu\u2019un pays \u00e9tranger serait habilit\u00e9 \u00e0 tracer ce chemin pour nous. Les griefs internes des Iraniens doivent \u00eatre respect\u00e9s tout autant que leur int\u00e9grit\u00e9 territoriale. Ni l\u2019un ni l\u2019autre ne sont n\u00e9gociables.<\/p>\n<p><\/p>\n<p>Nous ne croyons pas na\u00efvement que la guerre ou les sanctions \u00e9conomiques apportent la libert\u00e9. L\u2019histoire r\u00e9cente de la Libye, de l\u2019Irak, de la Syrie et de l\u2019Afghanistan d\u00e9montre exactement le contraire. Le renversement en 1953 du gouvernement d\u00e9mocratique de Mohammad Mossadegh, lors d\u2019un coup d\u2019\u00c9tat orchestr\u00e9 par la CIA et le MI6, demeure l\u2019un des exemples les plus frappants d\u2019ing\u00e9rence \u00e9trang\u00e8re dans la vie politique iranienne. Les interventions \u00e9trang\u00e8res et les sanctions \u00e9conomiques, avant comme apr\u00e8s cet \u00e9pisode, n\u2019ont cess\u00e9 de saper les efforts d\u00e9mocratiques iraniens. Pr\u00e9senter aujourd\u2019hui ces m\u00eames forces comme des instruments de lib\u00e9ration rel\u00e8ve d\u2019un dangereux aveuglement politique<\/p>\n<p><\/p>\n<p>La rh\u00e9torique qui pr\u00e9tend diff\u00e9rencier un \u00ab r\u00e9gime \u00bb \u00e0 frapper d\u2019un \u00ab peuple \u00bb \u00e0 \u00e9pargner est une fiction commode. Nous ne cautionnons jamais les assassinats ni les bombardements, quel qu\u2019en soit le pr\u00e9texte, car en r\u00e9alit\u00e9 les bombes ne reconnaissent pas de telles fronti\u00e8res. Quand des \u00e9coles, des h\u00f4pitaux ou des quartiers r\u00e9sidentiels sont touch\u00e9s, c\u2019est toute une soci\u00e9t\u00e9 qui est atteinte.<\/p>\n<p><\/p>\n<p>L\u2019Iran est une civilisation plurimill\u00e9naire, dont le peuple fait preuve depuis longtemps de dignit\u00e9, de r\u00e9silience et d\u2019un profond attachement \u00e0 son ind\u00e9pendance. Aucun d\u00e9veloppement d\u00e9mocratique durable n\u2019est possible sans la paix. En tant qu\u2019artistes, nous savons que la premi\u00e8re victime de la guerre est toujours la complexit\u00e9 des soci\u00e9t\u00e9s. Notre travail porte les contradictions de l\u2019exil et de la m\u00e9moire. Nous refusons de voir notre pays r\u00e9duit \u00e0 un clich\u00e9.<\/p>\n<p><\/p>\n<p>Nous refusons les visions simplistes de guerres qui aplatissent une soci\u00e9t\u00e9 historique et complexe en simples chiffres de vivants et de morts.<\/p>\n<p><\/p>\n<p>Nous appelons les artistes de la diaspora iranienne, pour lesquels l\u2019Iran n\u2019est pas un simple objet politique mais une patrie, \u00e0 rejoindre cette voix ind\u00e9pendante et non align\u00e9e, engag\u00e9e pour la paix et le respect de la dignit\u00e9 humaine.<\/p>\n<p><\/p>\n<p><strong>Collectif d\u2019artistes iraniens ind\u00e9pendants<\/strong><\/p>\n<p><\/p>\n<p>Les signataires sont membres d\u2019un collectif d\u2019artistes iraniens vivant \u00e0 l\u2019\u00e9tranger, souhaitant ouvrir un espace de r\u00e9flexion critique et non align\u00e9e sur les enjeux politiques et culturels li\u00e9s \u00e0 l\u2019Iran.<\/p>\n<p><\/p>\n<p>Premiers signataires : Afshin Ghaffarian, chor\u00e9graphe, danseur et acteur (France) ; Shirin Neshat, photographe et artiste visuel ; Mehdi Farajpour, chor\u00e9graphe (France) ; Mohsen Ranjbar, metteur en sc\u00e8ne et r\u00e9alisateur (France) ; Ghazal Mosadeq, \u00e9crivain ; Amir Salami, musicien et r\u00e9gisseur son\/lumi\u00e8re (France) ; Sara Amini, metteuse en sc\u00e8ne et com\u00e9dienne (Angleterre) ; Alireza Khatami, r\u00e9alisateur de films (Canada) ; Roxana Vilk, actrice, \u00e9crivain et musicienne (Angleterre) ; Vahid Evazzadeh, metteur en sc\u00e8ne de theatre (Angleterre) ; Parviz Jahed, r\u00e9alisateur de films (Angleterre) ; Ali Jaberansari, r\u00e9alisateur de films (Angleterre), Fateme Ahmadi , r\u00e9alisatrice de films (Angleterre)<\/p>\n<p>Retrouvez la liste compl\u00e8te des signataires sur :&nbsp;<a href=\"https:\/\/docs.google.com\/forms\/d\/e\/1FAIpQLSdCCPv7bnJwZW-Jiy-DmUoIxLmdqNfmL33kLfeJh1pyWJ1_MA\/viewform\" target=\"_blank\" style=\"letter-spacing: 0em;\">https:\/\/forms.gle\/zqMeUvr35sYixzEJA<\/a><\/p>\n<p><\/p>\t\t\t\t\t\t\t\t<\/div>\n\t\t\t\t<\/div>\n\t\t\t\t\t<\/div>\n\t\t\t\t<\/div>\n\t\t\t\t<\/div>\n\t\t","protected":false},"excerpt":{"rendered":"<p>Depuis plusieurs jours, une nouvelle invasion ill\u00e9gale est men\u00e9e par les \u00c9tats-Unis et Isra\u00ebl contre l\u2019Iran. \u00c0 travers la diaspora,&#8230;<\/p>\n","protected":false},"author":1,"featured_media":1729,"comment_status":"open","ping_status":"open","sticky":false,"template":"","format":"standard","meta":{"_acf_changed":false,"footnotes":""},"categories":[1],"tags":[],"class_list":["post-1718","post","type-post","status-publish","format-standard","has-post-thumbnail","hentry","category-uncategorized"],"acf":[],"yoast_head":"<!-- This site is optimized with the Yoast SEO plugin v27.5 - https:\/\/yoast.com\/product\/yoast-seo-wordpress\/ -->\n<title>Artistes iraniens de la diaspora contre la guerre en Iran - R\u00e9formances | Afshin Ghaffarian<\/title>\n<meta name=\"robots\" content=\"index, follow, max-snippet:-1, max-image-preview:large, max-video-preview:-1\" \/>\n<link rel=\"canonical\" href=\"https:\/\/reformances.com\/fr\/artistes-iraniens-de-la-diaspora-contre-la-guerre-en-iran\/\" \/>\n<meta property=\"og:locale\" content=\"fr_FR\" \/>\n<meta property=\"og:type\" content=\"article\" \/>\n<meta property=\"og:title\" content=\"Artistes iraniens de la diaspora contre la guerre en Iran - R\u00e9formances | Afshin Ghaffarian\" \/>\n<meta property=\"og:description\" content=\"Depuis plusieurs jours, une nouvelle invasion ill\u00e9gale est men\u00e9e par les \u00c9tats-Unis et Isra\u00ebl contre l\u2019Iran. \u00c0 travers la diaspora,...\" \/>\n<meta property=\"og:url\" content=\"https:\/\/reformances.com\/fr\/artistes-iraniens-de-la-diaspora-contre-la-guerre-en-iran\/\" \/>\n<meta property=\"og:site_name\" content=\"R\u00e9formances | Afshin Ghaffarian\" \/>\n<meta property=\"article:publisher\" content=\"https:\/\/www.facebook.com\/a.ghaffarian\" \/>\n<meta property=\"article:author\" content=\"https:\/\/www.facebook.com\/a.ghaffarian\" \/>\n<meta property=\"article:published_time\" content=\"2026-03-17T07:39:58+00:00\" \/>\n<meta property=\"article:modified_time\" content=\"2026-03-17T07:50:11+00:00\" \/>\n<meta property=\"og:image\" content=\"https:\/\/reformances.com\/fr\/wp-content\/uploads\/2026\/03\/Iran-artists-againt-war-e1773733799411.jpg\" \/>\n\t<meta property=\"og:image:width\" content=\"1080\" \/>\n\t<meta property=\"og:image:height\" content=\"666\" \/>\n\t<meta property=\"og:image:type\" content=\"image\/jpeg\" \/>\n<meta name=\"author\" content=\"afshin\" \/>\n<meta name=\"twitter:card\" content=\"summary_large_image\" \/>\n<meta name=\"twitter:creator\" content=\"@AfshinGhafarian\" \/>\n<meta name=\"twitter:site\" content=\"@AfshinGhafarian\" \/>\n<meta name=\"twitter:label1\" content=\"\u00c9crit par\" \/>\n\t<meta name=\"twitter:data1\" content=\"afshin\" \/>\n\t<meta name=\"twitter:label2\" content=\"Dur\u00e9e de lecture estim\u00e9e\" \/>\n\t<meta name=\"twitter:data2\" content=\"5 minutes\" \/>\n<script type=\"application\/ld+json\" class=\"yoast-schema-graph\">{\"@context\":\"https:\\\/\\\/schema.org\",\"@graph\":[{\"@type\":\"Article\",\"@id\":\"https:\\\/\\\/reformances.com\\\/fr\\\/artistes-iraniens-de-la-diaspora-contre-la-guerre-en-iran\\\/#article\",\"isPartOf\":{\"@id\":\"https:\\\/\\\/reformances.com\\\/fr\\\/artistes-iraniens-de-la-diaspora-contre-la-guerre-en-iran\\\/\"},\"author\":{\"name\":\"afshin\",\"@id\":\"https:\\\/\\\/reformances.com\\\/fr\\\/#\\\/schema\\\/person\\\/2314e7b83785831ca875e980b2d2366c\"},\"headline\":\"Artistes iraniens de la diaspora contre la guerre en Iran\",\"datePublished\":\"2026-03-17T07:39:58+00:00\",\"dateModified\":\"2026-03-17T07:50:11+00:00\",\"mainEntityOfPage\":{\"@id\":\"https:\\\/\\\/reformances.com\\\/fr\\\/artistes-iraniens-de-la-diaspora-contre-la-guerre-en-iran\\\/\"},\"wordCount\":913,\"commentCount\":0,\"publisher\":{\"@id\":\"https:\\\/\\\/reformances.com\\\/fr\\\/#\\\/schema\\\/person\\\/2314e7b83785831ca875e980b2d2366c\"},\"image\":{\"@id\":\"https:\\\/\\\/reformances.com\\\/fr\\\/artistes-iraniens-de-la-diaspora-contre-la-guerre-en-iran\\\/#primaryimage\"},\"thumbnailUrl\":\"https:\\\/\\\/reformances.com\\\/fr\\\/wp-content\\\/uploads\\\/2026\\\/03\\\/Iran-artists-againt-war-e1773733799411.jpg\",\"articleSection\":[\"Uncategorized\"],\"inLanguage\":\"fr-FR\",\"potentialAction\":[{\"@type\":\"CommentAction\",\"name\":\"Comment\",\"target\":[\"https:\\\/\\\/reformances.com\\\/fr\\\/artistes-iraniens-de-la-diaspora-contre-la-guerre-en-iran\\\/#respond\"]}]},{\"@type\":\"WebPage\",\"@id\":\"https:\\\/\\\/reformances.com\\\/fr\\\/artistes-iraniens-de-la-diaspora-contre-la-guerre-en-iran\\\/\",\"url\":\"https:\\\/\\\/reformances.com\\\/fr\\\/artistes-iraniens-de-la-diaspora-contre-la-guerre-en-iran\\\/\",\"name\":\"Artistes iraniens de la diaspora contre la guerre en Iran - R\u00e9formances | Afshin Ghaffarian\",\"isPartOf\":{\"@id\":\"https:\\\/\\\/reformances.com\\\/fr\\\/#website\"},\"primaryImageOfPage\":{\"@id\":\"https:\\\/\\\/reformances.com\\\/fr\\\/artistes-iraniens-de-la-diaspora-contre-la-guerre-en-iran\\\/#primaryimage\"},\"image\":{\"@id\":\"https:\\\/\\\/reformances.com\\\/fr\\\/artistes-iraniens-de-la-diaspora-contre-la-guerre-en-iran\\\/#primaryimage\"},\"thumbnailUrl\":\"https:\\\/\\\/reformances.com\\\/fr\\\/wp-content\\\/uploads\\\/2026\\\/03\\\/Iran-artists-againt-war-e1773733799411.jpg\",\"datePublished\":\"2026-03-17T07:39:58+00:00\",\"dateModified\":\"2026-03-17T07:50:11+00:00\",\"breadcrumb\":{\"@id\":\"https:\\\/\\\/reformances.com\\\/fr\\\/artistes-iraniens-de-la-diaspora-contre-la-guerre-en-iran\\\/#breadcrumb\"},\"inLanguage\":\"fr-FR\",\"potentialAction\":[{\"@type\":\"ReadAction\",\"target\":[\"https:\\\/\\\/reformances.com\\\/fr\\\/artistes-iraniens-de-la-diaspora-contre-la-guerre-en-iran\\\/\"]}]},{\"@type\":\"ImageObject\",\"inLanguage\":\"fr-FR\",\"@id\":\"https:\\\/\\\/reformances.com\\\/fr\\\/artistes-iraniens-de-la-diaspora-contre-la-guerre-en-iran\\\/#primaryimage\",\"url\":\"https:\\\/\\\/reformances.com\\\/fr\\\/wp-content\\\/uploads\\\/2026\\\/03\\\/Iran-artists-againt-war-e1773733799411.jpg\",\"contentUrl\":\"https:\\\/\\\/reformances.com\\\/fr\\\/wp-content\\\/uploads\\\/2026\\\/03\\\/Iran-artists-againt-war-e1773733799411.jpg\",\"width\":1080,\"height\":666},{\"@type\":\"BreadcrumbList\",\"@id\":\"https:\\\/\\\/reformances.com\\\/fr\\\/artistes-iraniens-de-la-diaspora-contre-la-guerre-en-iran\\\/#breadcrumb\",\"itemListElement\":[{\"@type\":\"ListItem\",\"position\":1,\"name\":\"Accueil\",\"item\":\"https:\\\/\\\/reformances.com\\\/fr\\\/\"},{\"@type\":\"ListItem\",\"position\":2,\"name\":\"Artistes iraniens de la diaspora contre la guerre en Iran\"}]},{\"@type\":\"WebSite\",\"@id\":\"https:\\\/\\\/reformances.com\\\/fr\\\/#website\",\"url\":\"https:\\\/\\\/reformances.com\\\/fr\\\/\",\"name\":\"R\u00e9formances | Afshin Ghaffarian\",\"description\":\"danse | th\u00e9\u00e2tre\",\"publisher\":{\"@id\":\"https:\\\/\\\/reformances.com\\\/fr\\\/#\\\/schema\\\/person\\\/2314e7b83785831ca875e980b2d2366c\"},\"potentialAction\":[{\"@type\":\"SearchAction\",\"target\":{\"@type\":\"EntryPoint\",\"urlTemplate\":\"https:\\\/\\\/reformances.com\\\/fr\\\/?s={search_term_string}\"},\"query-input\":{\"@type\":\"PropertyValueSpecification\",\"valueRequired\":true,\"valueName\":\"search_term_string\"}}],\"inLanguage\":\"fr-FR\"},{\"@type\":[\"Person\",\"Organization\"],\"@id\":\"https:\\\/\\\/reformances.com\\\/fr\\\/#\\\/schema\\\/person\\\/2314e7b83785831ca875e980b2d2366c\",\"name\":\"afshin\",\"image\":{\"@type\":\"ImageObject\",\"inLanguage\":\"fr-FR\",\"@id\":\"https:\\\/\\\/reformances.com\\\/fr\\\/wp-content\\\/uploads\\\/2024\\\/03\\\/Reformances-e1687476443192-300x248-2.jpeg\",\"url\":\"https:\\\/\\\/reformances.com\\\/fr\\\/wp-content\\\/uploads\\\/2024\\\/03\\\/Reformances-e1687476443192-300x248-2.jpeg\",\"contentUrl\":\"https:\\\/\\\/reformances.com\\\/fr\\\/wp-content\\\/uploads\\\/2024\\\/03\\\/Reformances-e1687476443192-300x248-2.jpeg\",\"width\":696,\"height\":696,\"caption\":\"afshin\"},\"logo\":{\"@id\":\"https:\\\/\\\/reformances.com\\\/fr\\\/wp-content\\\/uploads\\\/2024\\\/03\\\/Reformances-e1687476443192-300x248-2.jpeg\"},\"description\":\"Afshin Ghaffarian est un chor\u00e9graphe, metteur en sc\u00e8ne, danseur et acteur iranien. Il est directeur de la compagnie des R\u00e9formances. \\\"Desert Dancer\\\" est un film de 2014 inspir\u00e9 de sa vie.\",\"sameAs\":[\"http:\\\/\\\/reformances.com\\\/fr\",\"https:\\\/\\\/www.facebook.com\\\/a.ghaffarian\",\"https:\\\/\\\/www.instagram.com\\\/afshinghaffarian\",\"https:\\\/\\\/www.linkedin.com\\\/in\\\/afshin-ghaffarian\\\/\",\"https:\\\/\\\/x.com\\\/AfshinGhafarian\",\"https:\\\/\\\/www.youtube.com\\\/user\\\/afshingh\",\"https:\\\/\\\/en.wikipedia.org\\\/wiki\\\/Afshin_Ghaffarian\"],\"url\":\"https:\\\/\\\/reformances.com\\\/fr\\\/author\\\/afshin\\\/\"}]}<\/script>\n<!-- \/ Yoast SEO plugin. -->","yoast_head_json":{"title":"Artistes iraniens de la diaspora contre la guerre en Iran - R\u00e9formances | Afshin Ghaffarian","robots":{"index":"index","follow":"follow","max-snippet":"max-snippet:-1","max-image-preview":"max-image-preview:large","max-video-preview":"max-video-preview:-1"},"canonical":"https:\/\/reformances.com\/fr\/artistes-iraniens-de-la-diaspora-contre-la-guerre-en-iran\/","og_locale":"fr_FR","og_type":"article","og_title":"Artistes iraniens de la diaspora contre la guerre en Iran - R\u00e9formances | Afshin Ghaffarian","og_description":"Depuis plusieurs jours, une nouvelle invasion ill\u00e9gale est men\u00e9e par les \u00c9tats-Unis et Isra\u00ebl contre l\u2019Iran. \u00c0 travers la diaspora,...","og_url":"https:\/\/reformances.com\/fr\/artistes-iraniens-de-la-diaspora-contre-la-guerre-en-iran\/","og_site_name":"R\u00e9formances | Afshin Ghaffarian","article_publisher":"https:\/\/www.facebook.com\/a.ghaffarian","article_author":"https:\/\/www.facebook.com\/a.ghaffarian","article_published_time":"2026-03-17T07:39:58+00:00","article_modified_time":"2026-03-17T07:50:11+00:00","og_image":[{"width":1080,"height":666,"url":"https:\/\/reformances.com\/fr\/wp-content\/uploads\/2026\/03\/Iran-artists-againt-war-e1773733799411.jpg","type":"image\/jpeg"}],"author":"afshin","twitter_card":"summary_large_image","twitter_creator":"@AfshinGhafarian","twitter_site":"@AfshinGhafarian","twitter_misc":{"\u00c9crit par":"afshin","Dur\u00e9e de lecture estim\u00e9e":"5 minutes"},"schema":{"@context":"https:\/\/schema.org","@graph":[{"@type":"Article","@id":"https:\/\/reformances.com\/fr\/artistes-iraniens-de-la-diaspora-contre-la-guerre-en-iran\/#article","isPartOf":{"@id":"https:\/\/reformances.com\/fr\/artistes-iraniens-de-la-diaspora-contre-la-guerre-en-iran\/"},"author":{"name":"afshin","@id":"https:\/\/reformances.com\/fr\/#\/schema\/person\/2314e7b83785831ca875e980b2d2366c"},"headline":"Artistes iraniens de la diaspora contre la guerre en Iran","datePublished":"2026-03-17T07:39:58+00:00","dateModified":"2026-03-17T07:50:11+00:00","mainEntityOfPage":{"@id":"https:\/\/reformances.com\/fr\/artistes-iraniens-de-la-diaspora-contre-la-guerre-en-iran\/"},"wordCount":913,"commentCount":0,"publisher":{"@id":"https:\/\/reformances.com\/fr\/#\/schema\/person\/2314e7b83785831ca875e980b2d2366c"},"image":{"@id":"https:\/\/reformances.com\/fr\/artistes-iraniens-de-la-diaspora-contre-la-guerre-en-iran\/#primaryimage"},"thumbnailUrl":"https:\/\/reformances.com\/fr\/wp-content\/uploads\/2026\/03\/Iran-artists-againt-war-e1773733799411.jpg","articleSection":["Uncategorized"],"inLanguage":"fr-FR","potentialAction":[{"@type":"CommentAction","name":"Comment","target":["https:\/\/reformances.com\/fr\/artistes-iraniens-de-la-diaspora-contre-la-guerre-en-iran\/#respond"]}]},{"@type":"WebPage","@id":"https:\/\/reformances.com\/fr\/artistes-iraniens-de-la-diaspora-contre-la-guerre-en-iran\/","url":"https:\/\/reformances.com\/fr\/artistes-iraniens-de-la-diaspora-contre-la-guerre-en-iran\/","name":"Artistes iraniens de la diaspora contre la guerre en Iran - R\u00e9formances | Afshin Ghaffarian","isPartOf":{"@id":"https:\/\/reformances.com\/fr\/#website"},"primaryImageOfPage":{"@id":"https:\/\/reformances.com\/fr\/artistes-iraniens-de-la-diaspora-contre-la-guerre-en-iran\/#primaryimage"},"image":{"@id":"https:\/\/reformances.com\/fr\/artistes-iraniens-de-la-diaspora-contre-la-guerre-en-iran\/#primaryimage"},"thumbnailUrl":"https:\/\/reformances.com\/fr\/wp-content\/uploads\/2026\/03\/Iran-artists-againt-war-e1773733799411.jpg","datePublished":"2026-03-17T07:39:58+00:00","dateModified":"2026-03-17T07:50:11+00:00","breadcrumb":{"@id":"https:\/\/reformances.com\/fr\/artistes-iraniens-de-la-diaspora-contre-la-guerre-en-iran\/#breadcrumb"},"inLanguage":"fr-FR","potentialAction":[{"@type":"ReadAction","target":["https:\/\/reformances.com\/fr\/artistes-iraniens-de-la-diaspora-contre-la-guerre-en-iran\/"]}]},{"@type":"ImageObject","inLanguage":"fr-FR","@id":"https:\/\/reformances.com\/fr\/artistes-iraniens-de-la-diaspora-contre-la-guerre-en-iran\/#primaryimage","url":"https:\/\/reformances.com\/fr\/wp-content\/uploads\/2026\/03\/Iran-artists-againt-war-e1773733799411.jpg","contentUrl":"https:\/\/reformances.com\/fr\/wp-content\/uploads\/2026\/03\/Iran-artists-againt-war-e1773733799411.jpg","width":1080,"height":666},{"@type":"BreadcrumbList","@id":"https:\/\/reformances.com\/fr\/artistes-iraniens-de-la-diaspora-contre-la-guerre-en-iran\/#breadcrumb","itemListElement":[{"@type":"ListItem","position":1,"name":"Accueil","item":"https:\/\/reformances.com\/fr\/"},{"@type":"ListItem","position":2,"name":"Artistes iraniens de la diaspora contre la guerre en Iran"}]},{"@type":"WebSite","@id":"https:\/\/reformances.com\/fr\/#website","url":"https:\/\/reformances.com\/fr\/","name":"R\u00e9formances | Afshin Ghaffarian","description":"danse | th\u00e9\u00e2tre","publisher":{"@id":"https:\/\/reformances.com\/fr\/#\/schema\/person\/2314e7b83785831ca875e980b2d2366c"},"potentialAction":[{"@type":"SearchAction","target":{"@type":"EntryPoint","urlTemplate":"https:\/\/reformances.com\/fr\/?s={search_term_string}"},"query-input":{"@type":"PropertyValueSpecification","valueRequired":true,"valueName":"search_term_string"}}],"inLanguage":"fr-FR"},{"@type":["Person","Organization"],"@id":"https:\/\/reformances.com\/fr\/#\/schema\/person\/2314e7b83785831ca875e980b2d2366c","name":"afshin","image":{"@type":"ImageObject","inLanguage":"fr-FR","@id":"https:\/\/reformances.com\/fr\/wp-content\/uploads\/2024\/03\/Reformances-e1687476443192-300x248-2.jpeg","url":"https:\/\/reformances.com\/fr\/wp-content\/uploads\/2024\/03\/Reformances-e1687476443192-300x248-2.jpeg","contentUrl":"https:\/\/reformances.com\/fr\/wp-content\/uploads\/2024\/03\/Reformances-e1687476443192-300x248-2.jpeg","width":696,"height":696,"caption":"afshin"},"logo":{"@id":"https:\/\/reformances.com\/fr\/wp-content\/uploads\/2024\/03\/Reformances-e1687476443192-300x248-2.jpeg"},"description":"Afshin Ghaffarian est un chor\u00e9graphe, metteur en sc\u00e8ne, danseur et acteur iranien. Il est directeur de la compagnie des R\u00e9formances. \"Desert Dancer\" est un film de 2014 inspir\u00e9 de sa vie.","sameAs":["http:\/\/reformances.com\/fr","https:\/\/www.facebook.com\/a.ghaffarian","https:\/\/www.instagram.com\/afshinghaffarian","https:\/\/www.linkedin.com\/in\/afshin-ghaffarian\/","https:\/\/x.com\/AfshinGhafarian","https:\/\/www.youtube.com\/user\/afshingh","https:\/\/en.wikipedia.org\/wiki\/Afshin_Ghaffarian"],"url":"https:\/\/reformances.com\/fr\/author\/afshin\/"}]}},"_links":{"self":[{"href":"https:\/\/reformances.com\/fr\/wp-json\/wp\/v2\/posts\/1718","targetHints":{"allow":["GET"]}}],"collection":[{"href":"https:\/\/reformances.com\/fr\/wp-json\/wp\/v2\/posts"}],"about":[{"href":"https:\/\/reformances.com\/fr\/wp-json\/wp\/v2\/types\/post"}],"author":[{"embeddable":true,"href":"https:\/\/reformances.com\/fr\/wp-json\/wp\/v2\/users\/1"}],"replies":[{"embeddable":true,"href":"https:\/\/reformances.com\/fr\/wp-json\/wp\/v2\/comments?post=1718"}],"version-history":[{"count":12,"href":"https:\/\/reformances.com\/fr\/wp-json\/wp\/v2\/posts\/1718\/revisions"}],"predecessor-version":[{"id":1732,"href":"https:\/\/reformances.com\/fr\/wp-json\/wp\/v2\/posts\/1718\/revisions\/1732"}],"wp:featuredmedia":[{"embeddable":true,"href":"https:\/\/reformances.com\/fr\/wp-json\/wp\/v2\/media\/1729"}],"wp:attachment":[{"href":"https:\/\/reformances.com\/fr\/wp-json\/wp\/v2\/media?parent=1718"}],"wp:term":[{"taxonomy":"category","embeddable":true,"href":"https:\/\/reformances.com\/fr\/wp-json\/wp\/v2\/categories?post=1718"},{"taxonomy":"post_tag","embeddable":true,"href":"https:\/\/reformances.com\/fr\/wp-json\/wp\/v2\/tags?post=1718"}],"curies":[{"name":"wp","href":"https:\/\/api.w.org\/{rel}","templated":true}]}}